{"id":3313,"date":"2019-01-07T15:20:00","date_gmt":"2019-01-07T15:20:00","guid":{"rendered":"http:\/\/dev.agu.de\/?p=3313"},"modified":"2025-06-30T08:04:39","modified_gmt":"2025-06-30T08:04:39","slug":"agu-im-leverkusener-netzwerk-fuer-digitalisierung","status":"publish","type":"post","link":"https:\/\/agu.de\/en\/agu-im-leverkusener-netzwerk-fuer-digitalisierung\/","title":{"rendered":"AGU im Leverkusener Netzwerk f\u00fcr Digitalisierung"},"content":{"rendered":"<p><a href=\"https:\/\/digital-lev.de\/\"><\/a><\/p>\n\n\n\n<figure class=\"wp-block-image\"><a href=\"https:\/\/digital-lev.de\/\"><img decoding=\"async\" src=\"https:\/\/agu.de\/assets\/img\/news\/logo-digital-lev-n.png\" alt=\"\"\/><\/a><\/figure>\n\n\n\n<p>Wir unterst\u00fctzen die Aktivit\u00e4ten der Wirtschaftsf\u00f6rderung Leverkusen, unsere Stadt zu einem innovativen und richtungsweisenden Wirtschaftsstandort f\u00fcr die Digitalisierung auszubauen.<br>Als Partner der WFL unterst\u00fctzen wir junge Startups beim Aufbau ihrer Unternehmen und stellen unsere Erfahrung in den Dienst des Probierwerkes.<\/p>","protected":false},"excerpt":{"rendered":"<p>Wir unterst\u00fctzen die Aktivit\u00e4ten der Wirtschaftsf\u00f6rderung Leverkusen, unsere Stadt zu einem innovativen und richtungsweisenden Wirtschaftsstandort f\u00fcr die Digitalisierung auszubauen.Als Partner der WFL unterst\u00fctzen wir junge Startups beim Aufbau ihrer Unternehmen und stellen unsere Erfahrung in den Dienst des Probierwerkes.<\/p>","protected":false},"author":1,"featured_media":0,"comment_status":"open","ping_status":"open","sticky":false,"template":"","format":"standard","meta":{"_eb_attr":"","footnotes":""},"categories":[26,4],"tags":[],"class_list":["post-3313","post","type-post","status-publish","format-standard","hentry","category-agu","category-news"],"yoast_head":"<!-- This site is optimized with the Yoast SEO plugin v27.5 - https:\/\/yoast.com\/product\/yoast-seo-wordpress\/ -->\n<title>AGU im Leverkusener Netzwerk f\u00fcr Digitalisierung - AGU Planungsgesellschaft f\u00fcr Automatisierungs-, Geb\u00e4ude- und Umwelttechnik mbH<\/title>\n<meta name=\"robots\" content=\"index, follow, max-snippet:-1, max-image-preview:large, max-video-preview:-1\" \/>\n<link rel=\"canonical\" href=\"https:\/\/agu.de\/en\/agu-im-leverkusener-netzwerk-fuer-digitalisierung\/\" \/>\n<meta property=\"og:locale\" content=\"en_US\" \/>\n<meta property=\"og:type\" content=\"article\" \/>\n<meta property=\"og:title\" content=\"AGU im Leverkusener Netzwerk f\u00fcr Digitalisierung - AGU Planungsgesellschaft f\u00fcr Automatisierungs-, Geb\u00e4ude- und Umwelttechnik mbH\" \/>\n<meta property=\"og:description\" content=\"Wir unterst\u00fctzen die Aktivit\u00e4ten der Wirtschaftsf\u00f6rderung Leverkusen, unsere Stadt zu einem innovativen und richtungsweisenden Wirtschaftsstandort f\u00fcr die Digitalisierung auszubauen.Als Partner der WFL unterst\u00fctzen wir junge Startups beim Aufbau ihrer Unternehmen und stellen unsere Erfahrung in den Dienst des Probierwerkes.\" \/>\n<meta property=\"og:url\" content=\"https:\/\/agu.de\/en\/agu-im-leverkusener-netzwerk-fuer-digitalisierung\/\" \/>\n<meta property=\"og:site_name\" content=\"AGU Planungsgesellschaft f\u00fcr Automatisierungs-, Geb\u00e4ude- und Umwelttechnik mbH\" \/>\n<meta property=\"article:published_time\" content=\"2019-01-07T15:20:00+00:00\" \/>\n<meta property=\"article:modified_time\" content=\"2025-06-30T08:04:39+00:00\" \/>\n<meta property=\"og:image\" content=\"https:\/\/agu.de\/assets\/img\/news\/logo-digital-lev-n.png\" \/>\n<meta name=\"author\" content=\"agu-admin\" \/>\n<meta name=\"twitter:card\" content=\"summary_large_image\" \/>\n<meta name=\"twitter:label1\" content=\"Written by\" \/>\n\t<meta name=\"twitter:data1\" content=\"agu-admin\" \/>\n<script type=\"application\/ld+json\" class=\"yoast-schema-graph\">{\"@context\":\"https:\\\/\\\/schema.org\",\"@graph\":[{\"@type\":\"Article\",\"@id\":\"https:\\\/\\\/agu.de\\\/en\\\/agu-im-leverkusener-netzwerk-fuer-digitalisierung\\\/#article\",\"isPartOf\":{\"@id\":\"https:\\\/\\\/agu.de\\\/en\\\/agu-im-leverkusener-netzwerk-fuer-digitalisierung\\\/\"},\"author\":{\"name\":\"agu-admin\",\"@id\":\"https:\\\/\\\/agu.de\\\/en\\\/#\\\/schema\\\/person\\\/014e200658d31148942c2e7dbe15de33\"},\"headline\":\"AGU im Leverkusener Netzwerk f\u00fcr Digitalisierung\",\"datePublished\":\"2019-01-07T15:20:00+00:00\",\"dateModified\":\"2025-06-30T08:04:39+00:00\",\"mainEntityOfPage\":{\"@id\":\"https:\\\/\\\/agu.de\\\/en\\\/agu-im-leverkusener-netzwerk-fuer-digitalisierung\\\/\"},\"wordCount\":52,\"commentCount\":0,\"publisher\":{\"@id\":\"https:\\\/\\\/agu.de\\\/en\\\/#organization\"},\"image\":{\"@id\":\"https:\\\/\\\/agu.de\\\/en\\\/agu-im-leverkusener-netzwerk-fuer-digitalisierung\\\/#primaryimage\"},\"thumbnailUrl\":\"https:\\\/\\\/agu.de\\\/assets\\\/img\\\/news\\\/logo-digital-lev-n.png\",\"articleSection\":[\"AGU\",\"News\"],\"inLanguage\":\"en-US\",\"potentialAction\":[{\"@type\":\"CommentAction\",\"name\":\"Comment\",\"target\":[\"https:\\\/\\\/agu.de\\\/en\\\/agu-im-leverkusener-netzwerk-fuer-digitalisierung\\\/#respond\"]}]},{\"@type\":\"WebPage\",\"@id\":\"https:\\\/\\\/agu.de\\\/en\\\/agu-im-leverkusener-netzwerk-fuer-digitalisierung\\\/\",\"url\":\"https:\\\/\\\/agu.de\\\/en\\\/agu-im-leverkusener-netzwerk-fuer-digitalisierung\\\/\",\"name\":\"AGU im Leverkusener Netzwerk f\u00fcr Digitalisierung - AGU Planungsgesellschaft f\u00fcr Automatisierungs-, Geb\u00e4ude- und Umwelttechnik mbH\",\"isPartOf\":{\"@id\":\"https:\\\/\\\/agu.de\\\/en\\\/#website\"},\"primaryImageOfPage\":{\"@id\":\"https:\\\/\\\/agu.de\\\/en\\\/agu-im-leverkusener-netzwerk-fuer-digitalisierung\\\/#primaryimage\"},\"image\":{\"@id\":\"https:\\\/\\\/agu.de\\\/en\\\/agu-im-leverkusener-netzwerk-fuer-digitalisierung\\\/#primaryimage\"},\"thumbnailUrl\":\"https:\\\/\\\/agu.de\\\/assets\\\/img\\\/news\\\/logo-digital-lev-n.png\",\"datePublished\":\"2019-01-07T15:20:00+00:00\",\"dateModified\":\"2025-06-30T08:04:39+00:00\",\"breadcrumb\":{\"@id\":\"https:\\\/\\\/agu.de\\\/en\\\/agu-im-leverkusener-netzwerk-fuer-digitalisierung\\\/#breadcrumb\"},\"inLanguage\":\"en-US\",\"potentialAction\":[{\"@type\":\"ReadAction\",\"target\":[\"https:\\\/\\\/agu.de\\\/en\\\/agu-im-leverkusener-netzwerk-fuer-digitalisierung\\\/\"]}]},{\"@type\":\"ImageObject\",\"inLanguage\":\"en-US\",\"@id\":\"https:\\\/\\\/agu.de\\\/en\\\/agu-im-leverkusener-netzwerk-fuer-digitalisierung\\\/#primaryimage\",\"url\":\"https:\\\/\\\/agu.de\\\/assets\\\/img\\\/news\\\/logo-digital-lev-n.png\",\"contentUrl\":\"https:\\\/\\\/agu.de\\\/assets\\\/img\\\/news\\\/logo-digital-lev-n.png\"},{\"@type\":\"BreadcrumbList\",\"@id\":\"https:\\\/\\\/agu.de\\\/en\\\/agu-im-leverkusener-netzwerk-fuer-digitalisierung\\\/#breadcrumb\",\"itemListElement\":[{\"@type\":\"ListItem\",\"position\":1,\"name\":\"Startseite\",\"item\":\"https:\\\/\\\/agu.de\\\/\"},{\"@type\":\"ListItem\",\"position\":2,\"name\":\"AGU im Leverkusener Netzwerk f\u00fcr Digitalisierung\"}]},{\"@type\":\"WebSite\",\"@id\":\"https:\\\/\\\/agu.de\\\/en\\\/#website\",\"url\":\"https:\\\/\\\/agu.de\\\/en\\\/\",\"name\":\"AGU Planungsgesellschaft f\u00fcr Automatisierungs-, Geb\u00e4ude- und Umwelttechnik mbH\",\"description\":\"AGU Planungsgesellschaft f\u00fcr Automatisierungs-, Geb\u00e4ude- und Umwelttechnik mbH\",\"publisher\":{\"@id\":\"https:\\\/\\\/agu.de\\\/en\\\/#organization\"},\"potentialAction\":[{\"@type\":\"SearchAction\",\"target\":{\"@type\":\"EntryPoint\",\"urlTemplate\":\"https:\\\/\\\/agu.de\\\/en\\\/?s={search_term_string}\"},\"query-input\":{\"@type\":\"PropertyValueSpecification\",\"valueRequired\":true,\"valueName\":\"search_term_string\"}}],\"inLanguage\":\"en-US\"},{\"@type\":\"Organization\",\"@id\":\"https:\\\/\\\/agu.de\\\/en\\\/#organization\",\"name\":\"AGU Planungsgesellschaft f\u00fcr Automatisierungs-, Geb\u00e4ude- und Umwelttechnik mbH\",\"url\":\"https:\\\/\\\/agu.de\\\/en\\\/\",\"logo\":{\"@type\":\"ImageObject\",\"inLanguage\":\"en-US\",\"@id\":\"https:\\\/\\\/agu.de\\\/en\\\/#\\\/schema\\\/logo\\\/image\\\/\",\"url\":\"https:\\\/\\\/agu.de\\\/wp-content\\\/uploads\\\/2024\\\/02\\\/cropped-cropped-AGU_WP_icon.png\",\"contentUrl\":\"https:\\\/\\\/agu.de\\\/wp-content\\\/uploads\\\/2024\\\/02\\\/cropped-cropped-AGU_WP_icon.png\",\"width\":476,\"height\":299,\"caption\":\"AGU Planungsgesellschaft f\u00fcr Automatisierungs-, Geb\u00e4ude- und Umwelttechnik mbH\"},\"image\":{\"@id\":\"https:\\\/\\\/agu.de\\\/en\\\/#\\\/schema\\\/logo\\\/image\\\/\"}},{\"@type\":\"Person\",\"@id\":\"https:\\\/\\\/agu.de\\\/en\\\/#\\\/schema\\\/person\\\/014e200658d31148942c2e7dbe15de33\",\"name\":\"agu-admin\",\"image\":{\"@type\":\"ImageObject\",\"inLanguage\":\"en-US\",\"@id\":\"https:\\\/\\\/secure.gravatar.com\\\/avatar\\\/8b9ebc90e889e876b62645d9f7b7fb8dafb4ed3d3aa94645e7700023eea7bf06?s=96&d=mm&r=g\",\"url\":\"https:\\\/\\\/secure.gravatar.com\\\/avatar\\\/8b9ebc90e889e876b62645d9f7b7fb8dafb4ed3d3aa94645e7700023eea7bf06?s=96&d=mm&r=g\",\"contentUrl\":\"https:\\\/\\\/secure.gravatar.com\\\/avatar\\\/8b9ebc90e889e876b62645d9f7b7fb8dafb4ed3d3aa94645e7700023eea7bf06?s=96&d=mm&r=g\",\"caption\":\"agu-admin\"},\"sameAs\":[\"http:\\\/\\\/localhost:8090\"],\"url\":\"https:\\\/\\\/agu.de\\\/en\\\/author\\\/agu-admin\\\/\"}]}<\/script>\n<!-- \/ Yoast SEO plugin. -->","yoast_head_json":{"title":"AGU im Leverkusener Netzwerk f\u00fcr Digitalisierung - AGU Planungsgesellschaft f\u00fcr Automatisierungs-, Geb\u00e4ude- und Umwelttechnik mbH","robots":{"index":"index","follow":"follow","max-snippet":"max-snippet:-1","max-image-preview":"max-image-preview:large","max-video-preview":"max-video-preview:-1"},"canonical":"https:\/\/agu.de\/en\/agu-im-leverkusener-netzwerk-fuer-digitalisierung\/","og_locale":"en_US","og_type":"article","og_title":"AGU im Leverkusener Netzwerk f\u00fcr Digitalisierung - AGU Planungsgesellschaft f\u00fcr Automatisierungs-, Geb\u00e4ude- und Umwelttechnik mbH","og_description":"Wir unterst\u00fctzen die Aktivit\u00e4ten der Wirtschaftsf\u00f6rderung Leverkusen, unsere Stadt zu einem innovativen und richtungsweisenden Wirtschaftsstandort f\u00fcr die Digitalisierung auszubauen.Als Partner der WFL unterst\u00fctzen wir junge Startups beim Aufbau ihrer Unternehmen und stellen unsere Erfahrung in den Dienst des Probierwerkes.","og_url":"https:\/\/agu.de\/en\/agu-im-leverkusener-netzwerk-fuer-digitalisierung\/","og_site_name":"AGU Planungsgesellschaft f\u00fcr Automatisierungs-, Geb\u00e4ude- und Umwelttechnik mbH","article_published_time":"2019-01-07T15:20:00+00:00","article_modified_time":"2025-06-30T08:04:39+00:00","og_image":[{"url":"https:\/\/agu.de\/assets\/img\/news\/logo-digital-lev-n.png","type":"","width":"","height":""}],"author":"agu-admin","twitter_card":"summary_large_image","twitter_misc":{"Written by":"agu-admin"},"schema":{"@context":"https:\/\/schema.org","@graph":[{"@type":"Article","@id":"https:\/\/agu.de\/en\/agu-im-leverkusener-netzwerk-fuer-digitalisierung\/#article","isPartOf":{"@id":"https:\/\/agu.de\/en\/agu-im-leverkusener-netzwerk-fuer-digitalisierung\/"},"author":{"name":"agu-admin","@id":"https:\/\/agu.de\/en\/#\/schema\/person\/014e200658d31148942c2e7dbe15de33"},"headline":"AGU im Leverkusener Netzwerk f\u00fcr Digitalisierung","datePublished":"2019-01-07T15:20:00+00:00","dateModified":"2025-06-30T08:04:39+00:00","mainEntityOfPage":{"@id":"https:\/\/agu.de\/en\/agu-im-leverkusener-netzwerk-fuer-digitalisierung\/"},"wordCount":52,"commentCount":0,"publisher":{"@id":"https:\/\/agu.de\/en\/#organization"},"image":{"@id":"https:\/\/agu.de\/en\/agu-im-leverkusener-netzwerk-fuer-digitalisierung\/#primaryimage"},"thumbnailUrl":"https:\/\/agu.de\/assets\/img\/news\/logo-digital-lev-n.png","articleSection":["AGU","News"],"inLanguage":"en-US","potentialAction":[{"@type":"CommentAction","name":"Comment","target":["https:\/\/agu.de\/en\/agu-im-leverkusener-netzwerk-fuer-digitalisierung\/#respond"]}]},{"@type":"WebPage","@id":"https:\/\/agu.de\/en\/agu-im-leverkusener-netzwerk-fuer-digitalisierung\/","url":"https:\/\/agu.de\/en\/agu-im-leverkusener-netzwerk-fuer-digitalisierung\/","name":"AGU im Leverkusener Netzwerk f\u00fcr Digitalisierung - AGU Planungsgesellschaft f\u00fcr Automatisierungs-, Geb\u00e4ude- und Umwelttechnik mbH","isPartOf":{"@id":"https:\/\/agu.de\/en\/#website"},"primaryImageOfPage":{"@id":"https:\/\/agu.de\/en\/agu-im-leverkusener-netzwerk-fuer-digitalisierung\/#primaryimage"},"image":{"@id":"https:\/\/agu.de\/en\/agu-im-leverkusener-netzwerk-fuer-digitalisierung\/#primaryimage"},"thumbnailUrl":"https:\/\/agu.de\/assets\/img\/news\/logo-digital-lev-n.png","datePublished":"2019-01-07T15:20:00+00:00","dateModified":"2025-06-30T08:04:39+00:00","breadcrumb":{"@id":"https:\/\/agu.de\/en\/agu-im-leverkusener-netzwerk-fuer-digitalisierung\/#breadcrumb"},"inLanguage":"en-US","potentialAction":[{"@type":"ReadAction","target":["https:\/\/agu.de\/en\/agu-im-leverkusener-netzwerk-fuer-digitalisierung\/"]}]},{"@type":"ImageObject","inLanguage":"en-US","@id":"https:\/\/agu.de\/en\/agu-im-leverkusener-netzwerk-fuer-digitalisierung\/#primaryimage","url":"https:\/\/agu.de\/assets\/img\/news\/logo-digital-lev-n.png","contentUrl":"https:\/\/agu.de\/assets\/img\/news\/logo-digital-lev-n.png"},{"@type":"BreadcrumbList","@id":"https:\/\/agu.de\/en\/agu-im-leverkusener-netzwerk-fuer-digitalisierung\/#breadcrumb","itemListElement":[{"@type":"ListItem","position":1,"name":"Startseite","item":"https:\/\/agu.de\/"},{"@type":"ListItem","position":2,"name":"AGU im Leverkusener Netzwerk f\u00fcr Digitalisierung"}]},{"@type":"WebSite","@id":"https:\/\/agu.de\/en\/#website","url":"https:\/\/agu.de\/en\/","name":"AGU Planungsgesellschaft f\u00fcr Automatisierungs-, Geb\u00e4ude- und Umwelttechnik mbH","description":"AGU Planungsgesellschaft f\u00fcr Automatisierungs-, Geb\u00e4ude- und Umwelttechnik mbH","publisher":{"@id":"https:\/\/agu.de\/en\/#organization"},"potentialAction":[{"@type":"SearchAction","target":{"@type":"EntryPoint","urlTemplate":"https:\/\/agu.de\/en\/?s={search_term_string}"},"query-input":{"@type":"PropertyValueSpecification","valueRequired":true,"valueName":"search_term_string"}}],"inLanguage":"en-US"},{"@type":"Organization","@id":"https:\/\/agu.de\/en\/#organization","name":"AGU Planungsgesellschaft f\u00fcr Automatisierungs-, Geb\u00e4ude- und Umwelttechnik mbH","url":"https:\/\/agu.de\/en\/","logo":{"@type":"ImageObject","inLanguage":"en-US","@id":"https:\/\/agu.de\/en\/#\/schema\/logo\/image\/","url":"https:\/\/agu.de\/wp-content\/uploads\/2024\/02\/cropped-cropped-AGU_WP_icon.png","contentUrl":"https:\/\/agu.de\/wp-content\/uploads\/2024\/02\/cropped-cropped-AGU_WP_icon.png","width":476,"height":299,"caption":"AGU Planungsgesellschaft f\u00fcr Automatisierungs-, Geb\u00e4ude- und Umwelttechnik mbH"},"image":{"@id":"https:\/\/agu.de\/en\/#\/schema\/logo\/image\/"}},{"@type":"Person","@id":"https:\/\/agu.de\/en\/#\/schema\/person\/014e200658d31148942c2e7dbe15de33","name":"agu-admin","image":{"@type":"ImageObject","inLanguage":"en-US","@id":"https:\/\/secure.gravatar.com\/avatar\/8b9ebc90e889e876b62645d9f7b7fb8dafb4ed3d3aa94645e7700023eea7bf06?s=96&d=mm&r=g","url":"https:\/\/secure.gravatar.com\/avatar\/8b9ebc90e889e876b62645d9f7b7fb8dafb4ed3d3aa94645e7700023eea7bf06?s=96&d=mm&r=g","contentUrl":"https:\/\/secure.gravatar.com\/avatar\/8b9ebc90e889e876b62645d9f7b7fb8dafb4ed3d3aa94645e7700023eea7bf06?s=96&d=mm&r=g","caption":"agu-admin"},"sameAs":["http:\/\/localhost:8090"],"url":"https:\/\/agu.de\/en\/author\/agu-admin\/"}]}},"_links":{"self":[{"href":"https:\/\/agu.de\/en\/wp-json\/wp\/v2\/posts\/3313","targetHints":{"allow":["GET"]}}],"collection":[{"href":"https:\/\/agu.de\/en\/wp-json\/wp\/v2\/posts"}],"about":[{"href":"https:\/\/agu.de\/en\/wp-json\/wp\/v2\/types\/post"}],"author":[{"embeddable":true,"href":"https:\/\/agu.de\/en\/wp-json\/wp\/v2\/users\/1"}],"replies":[{"embeddable":true,"href":"https:\/\/agu.de\/en\/wp-json\/wp\/v2\/comments?post=3313"}],"version-history":[{"count":1,"href":"https:\/\/agu.de\/en\/wp-json\/wp\/v2\/posts\/3313\/revisions"}],"predecessor-version":[{"id":3314,"href":"https:\/\/agu.de\/en\/wp-json\/wp\/v2\/posts\/3313\/revisions\/3314"}],"wp:attachment":[{"href":"https:\/\/agu.de\/en\/wp-json\/wp\/v2\/media?parent=3313"}],"wp:term":[{"taxonomy":"category","embeddable":true,"href":"https:\/\/agu.de\/en\/wp-json\/wp\/v2\/categories?post=3313"},{"taxonomy":"post_tag","embeddable":true,"href":"https:\/\/agu.de\/en\/wp-json\/wp\/v2\/tags?post=3313"}],"curies":[{"name":"wp","href":"https:\/\/api.w.org\/{rel}","templated":true}]}}