{"id":3307,"date":"2019-05-04T15:15:00","date_gmt":"2019-05-04T15:15:00","guid":{"rendered":"http:\/\/dev.agu.de\/?p=3307"},"modified":"2025-06-30T08:04:35","modified_gmt":"2025-06-30T08:04:35","slug":"nacht-der-technik-bei-agu","status":"publish","type":"post","link":"https:\/\/agu.de\/en\/nacht-der-technik-bei-agu\/","title":{"rendered":"Night of Technology at AGU"},"content":{"rendered":"<p><strong>Unternehmen:<\/strong><\/p>\n\n\n\n<p>AGU ist eines der f\u00fchrenden mittelst\u00e4ndischen Unternehmen f\u00fcr industrielle Softwarel\u00f6sungen und Automatisierungstechnik. Das Unternehmen wurde 1992 gegr\u00fcndet, besch\u00e4ftigt mehr als 85 Mitarbeiter und ist weltweit mit Softwareprodukten in der Gro\u00dfindustrie vertreten. Im Jahr 2017 haben wir den Preis \u201eUnternehmer des Jahres\u201c in Leverkusen erhalten, der die Leistungen der Mitarbeiter und Gesch\u00e4ftsf\u00fchrung gleicherma\u00dfen ehrt. Unser Unternehmen wird weiter wachsen und junge, engagierte Mitarbeiter integrieren. Wir bieten Ausbildungspl\u00e4tze im Bereich Fachinformatik und der Verwaltung an.<\/p>\n\n\n\n<p><strong>Programm:<\/strong><\/p>\n\n\n\n<p>&#8222;Verbesserung der Anlagen\u2013 und Betriebssicherheit der Chemieparks durch Digitalisierungsl\u00f6sungen.&#8220;<\/p>\n\n\n\n<p>In industriellen Anlagen m\u00fcssen j\u00e4hrlich tausende Pr\u00fcfungen in ganz unterschiedlichen Bereichen durchgef\u00fchrt werden. Heute ist dies oft mit viel Papier und manuellen T\u00e4tigkeiten und immensem Zeitaufwand verbunden. Unser Produkt PEC digitalisiert alle Abl\u00e4ufe, vereinfacht die Abwicklung, schafft Transparenz und sorgt somit f\u00fcr eine Verbesserung der Anlagensicherheit in den Chemieparks. Gerne erl\u00e4utern wir Ihnen, wie wir mit PEC die Sicherheit erh\u00f6hen und die Betriebsverantwortlichen entlasten.<\/p>\n\n\n\n<p>&#8222;Verbesserung der Qualit\u00e4t und Sicherheit von pharmazeutische Produkte durch Digitalisierungsl\u00f6sungen.&#8220;<\/p>\n\n\n\n<p>Die Herstellung von Wirkstoffen auf biologischer Basis erfolgt heutzutage in der pharmazeutischen Industrie durch Zellkulturen, die st\u00e4ndig \u00fcberwacht werden m\u00fcssen. Durch den Einsatz unseres Produktes SDC k\u00f6nnen Biologen und Chemiker die Prozesse besser verstehen und die Qualit\u00e4t der Medikamente verbessern. Wir zeigen Ihnen wie moderne Wirkstoffherstellung durchgef\u00fchrt wird und wie wir die Patientensicherheit durch den Einsatz einer digitalisierten Softwarel\u00f6sung gew\u00e4hrleisten.<\/p>\n\n\n\n<p>&#8222;Wie schafft eine Digitalisierungsl\u00f6sung Ordnung in \u00fcber 2 Millionen Normen?&#8220;<\/p>\n\n\n\n<p>Alle Unternehmen m\u00fcssen auf der Basis von Normen und Gesetzen ihre T\u00e4tigkeiten durchf\u00fchren. Um in \u00fcber 2 Millionen Normen und Gesetzen die \u00dcbersicht zu behalten, ist der Einsatz einer Softwarel\u00f6sung zur Digitalisierung der Prozesse erforderlich. Testen Sie einmal welche Normen Sie f\u00fcr Ihren pers\u00f6nlichen Einsatzfall in unserem Produkt WISDOM finden.<\/p>\n\n\n\n<p>&#8222;Moderne digitale Planungswerkzeuge f\u00fcr die Industrie&#8220;<\/p>\n\n\n\n<p>Die Planung von Industrieanlagen erfolgt heute mit 2D oder 3D Programmen. Lassen Sie sich inspirieren von den M\u00f6glichkeiten der Automatisierungstechnik, die heute existieren.<\/p>\n\n\n\n<p>\u201eProgrammierecke&#8220;<\/p>\n\n\n\n<p>Wir zeigen Ihnen die M\u00f6glichkeiten der modernen Informatik in der Praxis. In der Programmierecke k\u00f6nnen Sie zusammen mit unseren Entwicklern erste Schritte machen und sich f\u00fcr den Beruf begeistern lassen.<a href=\"https:\/\/rhein-wupper.nacht-der-technik.de\/\"><\/a><\/p>","protected":false},"excerpt":{"rendered":"<p>Unternehmen: AGU ist eines der f\u00fchrenden mittelst\u00e4ndischen Unternehmen f\u00fcr industrielle Softwarel\u00f6sungen und Automatisierungstechnik. Das Unternehmen wurde 1992 gegr\u00fcndet, besch\u00e4ftigt mehr als 85 Mitarbeiter und ist weltweit mit Softwareprodukten in der Gro\u00dfindustrie vertreten. Im Jahr 2017 haben wir den Preis \u201eUnternehmer des Jahres\u201c in Leverkusen erhalten, der die Leistungen der Mitarbeiter und Gesch\u00e4ftsf\u00fchrung gleicherma\u00dfen ehrt. Unser&hellip;<\/p>","protected":false},"author":1,"featured_media":3308,"comment_status":"open","ping_status":"open","sticky":false,"template":"","format":"standard","meta":{"_eb_attr":"","footnotes":""},"categories":[26,4],"tags":[],"class_list":["post-3307","post","type-post","status-publish","format-standard","has-post-thumbnail","hentry","category-agu","category-news"],"yoast_head":"<!-- This site is optimized with the Yoast SEO plugin v27.5 - https:\/\/yoast.com\/product\/yoast-seo-wordpress\/ -->\n<title>Nacht der Technik bei AGU - AGU Planungsgesellschaft f\u00fcr Automatisierungs-, Geb\u00e4ude- und Umwelttechnik mbH<\/title>\n<meta name=\"robots\" content=\"index, follow, max-snippet:-1, max-image-preview:large, max-video-preview:-1\" \/>\n<link rel=\"canonical\" href=\"https:\/\/agu.de\/en\/nacht-der-technik-bei-agu\/\" \/>\n<meta property=\"og:locale\" content=\"en_US\" \/>\n<meta property=\"og:type\" content=\"article\" \/>\n<meta property=\"og:title\" content=\"Nacht der Technik bei AGU - AGU Planungsgesellschaft f\u00fcr Automatisierungs-, Geb\u00e4ude- und Umwelttechnik mbH\" \/>\n<meta property=\"og:description\" content=\"Unternehmen: AGU ist eines der f\u00fchrenden mittelst\u00e4ndischen Unternehmen f\u00fcr industrielle Softwarel\u00f6sungen und Automatisierungstechnik. Das Unternehmen wurde 1992 gegr\u00fcndet, besch\u00e4ftigt mehr als 85 Mitarbeiter und ist weltweit mit Softwareprodukten in der Gro\u00dfindustrie vertreten. Im Jahr 2017 haben wir den Preis \u201eUnternehmer des Jahres\u201c in Leverkusen erhalten, der die Leistungen der Mitarbeiter und Gesch\u00e4ftsf\u00fchrung gleicherma\u00dfen ehrt. Unser&hellip;\" \/>\n<meta property=\"og:url\" content=\"https:\/\/agu.de\/en\/nacht-der-technik-bei-agu\/\" \/>\n<meta property=\"og:site_name\" content=\"AGU Planungsgesellschaft f\u00fcr Automatisierungs-, Geb\u00e4ude- und Umwelttechnik mbH\" \/>\n<meta property=\"article:published_time\" content=\"2019-05-04T15:15:00+00:00\" \/>\n<meta property=\"article:modified_time\" content=\"2025-06-30T08:04:35+00:00\" \/>\n<meta property=\"og:image\" content=\"https:\/\/agu.de\/wp-content\/uploads\/2024\/11\/nachtdertechnik.png\" \/>\n\t<meta property=\"og:image:width\" content=\"1513\" \/>\n\t<meta property=\"og:image:height\" content=\"422\" \/>\n\t<meta property=\"og:image:type\" content=\"image\/png\" \/>\n<meta name=\"author\" content=\"agu-admin\" \/>\n<meta name=\"twitter:card\" content=\"summary_large_image\" \/>\n<meta name=\"twitter:label1\" content=\"Written by\" \/>\n\t<meta name=\"twitter:data1\" content=\"agu-admin\" \/>\n\t<meta name=\"twitter:label2\" content=\"Est. reading time\" \/>\n\t<meta name=\"twitter:data2\" content=\"2 minutes\" \/>\n<script type=\"application\/ld+json\" class=\"yoast-schema-graph\">{\"@context\":\"https:\\\/\\\/schema.org\",\"@graph\":[{\"@type\":\"Article\",\"@id\":\"https:\\\/\\\/agu.de\\\/en\\\/nacht-der-technik-bei-agu\\\/#article\",\"isPartOf\":{\"@id\":\"https:\\\/\\\/agu.de\\\/en\\\/nacht-der-technik-bei-agu\\\/\"},\"author\":{\"name\":\"agu-admin\",\"@id\":\"https:\\\/\\\/agu.de\\\/en\\\/#\\\/schema\\\/person\\\/014e200658d31148942c2e7dbe15de33\"},\"headline\":\"Nacht der Technik bei AGU\",\"datePublished\":\"2019-05-04T15:15:00+00:00\",\"dateModified\":\"2025-06-30T08:04:35+00:00\",\"mainEntityOfPage\":{\"@id\":\"https:\\\/\\\/agu.de\\\/en\\\/nacht-der-technik-bei-agu\\\/\"},\"wordCount\":380,\"commentCount\":0,\"publisher\":{\"@id\":\"https:\\\/\\\/agu.de\\\/en\\\/#organization\"},\"image\":{\"@id\":\"https:\\\/\\\/agu.de\\\/en\\\/nacht-der-technik-bei-agu\\\/#primaryimage\"},\"thumbnailUrl\":\"https:\\\/\\\/agu.de\\\/wp-content\\\/uploads\\\/2024\\\/11\\\/nachtdertechnik.png\",\"articleSection\":[\"AGU\",\"News\"],\"inLanguage\":\"en-US\",\"potentialAction\":[{\"@type\":\"CommentAction\",\"name\":\"Comment\",\"target\":[\"https:\\\/\\\/agu.de\\\/en\\\/nacht-der-technik-bei-agu\\\/#respond\"]}]},{\"@type\":\"WebPage\",\"@id\":\"https:\\\/\\\/agu.de\\\/en\\\/nacht-der-technik-bei-agu\\\/\",\"url\":\"https:\\\/\\\/agu.de\\\/en\\\/nacht-der-technik-bei-agu\\\/\",\"name\":\"Nacht der Technik bei AGU - AGU Planungsgesellschaft f\u00fcr Automatisierungs-, Geb\u00e4ude- und Umwelttechnik mbH\",\"isPartOf\":{\"@id\":\"https:\\\/\\\/agu.de\\\/en\\\/#website\"},\"primaryImageOfPage\":{\"@id\":\"https:\\\/\\\/agu.de\\\/en\\\/nacht-der-technik-bei-agu\\\/#primaryimage\"},\"image\":{\"@id\":\"https:\\\/\\\/agu.de\\\/en\\\/nacht-der-technik-bei-agu\\\/#primaryimage\"},\"thumbnailUrl\":\"https:\\\/\\\/agu.de\\\/wp-content\\\/uploads\\\/2024\\\/11\\\/nachtdertechnik.png\",\"datePublished\":\"2019-05-04T15:15:00+00:00\",\"dateModified\":\"2025-06-30T08:04:35+00:00\",\"breadcrumb\":{\"@id\":\"https:\\\/\\\/agu.de\\\/en\\\/nacht-der-technik-bei-agu\\\/#breadcrumb\"},\"inLanguage\":\"en-US\",\"potentialAction\":[{\"@type\":\"ReadAction\",\"target\":[\"https:\\\/\\\/agu.de\\\/en\\\/nacht-der-technik-bei-agu\\\/\"]}]},{\"@type\":\"ImageObject\",\"inLanguage\":\"en-US\",\"@id\":\"https:\\\/\\\/agu.de\\\/en\\\/nacht-der-technik-bei-agu\\\/#primaryimage\",\"url\":\"https:\\\/\\\/agu.de\\\/wp-content\\\/uploads\\\/2024\\\/11\\\/nachtdertechnik.png\",\"contentUrl\":\"https:\\\/\\\/agu.de\\\/wp-content\\\/uploads\\\/2024\\\/11\\\/nachtdertechnik.png\",\"width\":1513,\"height\":422},{\"@type\":\"BreadcrumbList\",\"@id\":\"https:\\\/\\\/agu.de\\\/en\\\/nacht-der-technik-bei-agu\\\/#breadcrumb\",\"itemListElement\":[{\"@type\":\"ListItem\",\"position\":1,\"name\":\"Startseite\",\"item\":\"https:\\\/\\\/agu.de\\\/\"},{\"@type\":\"ListItem\",\"position\":2,\"name\":\"Nacht der Technik bei AGU\"}]},{\"@type\":\"WebSite\",\"@id\":\"https:\\\/\\\/agu.de\\\/en\\\/#website\",\"url\":\"https:\\\/\\\/agu.de\\\/en\\\/\",\"name\":\"AGU Planungsgesellschaft f\u00fcr Automatisierungs-, Geb\u00e4ude- und Umwelttechnik mbH\",\"description\":\"AGU Planungsgesellschaft f\u00fcr Automatisierungs-, Geb\u00e4ude- und Umwelttechnik mbH\",\"publisher\":{\"@id\":\"https:\\\/\\\/agu.de\\\/en\\\/#organization\"},\"potentialAction\":[{\"@type\":\"SearchAction\",\"target\":{\"@type\":\"EntryPoint\",\"urlTemplate\":\"https:\\\/\\\/agu.de\\\/en\\\/?s={search_term_string}\"},\"query-input\":{\"@type\":\"PropertyValueSpecification\",\"valueRequired\":true,\"valueName\":\"search_term_string\"}}],\"inLanguage\":\"en-US\"},{\"@type\":\"Organization\",\"@id\":\"https:\\\/\\\/agu.de\\\/en\\\/#organization\",\"name\":\"AGU Planungsgesellschaft f\u00fcr Automatisierungs-, Geb\u00e4ude- und Umwelttechnik mbH\",\"url\":\"https:\\\/\\\/agu.de\\\/en\\\/\",\"logo\":{\"@type\":\"ImageObject\",\"inLanguage\":\"en-US\",\"@id\":\"https:\\\/\\\/agu.de\\\/en\\\/#\\\/schema\\\/logo\\\/image\\\/\",\"url\":\"https:\\\/\\\/agu.de\\\/wp-content\\\/uploads\\\/2024\\\/02\\\/cropped-cropped-AGU_WP_icon.png\",\"contentUrl\":\"https:\\\/\\\/agu.de\\\/wp-content\\\/uploads\\\/2024\\\/02\\\/cropped-cropped-AGU_WP_icon.png\",\"width\":476,\"height\":299,\"caption\":\"AGU Planungsgesellschaft f\u00fcr Automatisierungs-, Geb\u00e4ude- und Umwelttechnik mbH\"},\"image\":{\"@id\":\"https:\\\/\\\/agu.de\\\/en\\\/#\\\/schema\\\/logo\\\/image\\\/\"}},{\"@type\":\"Person\",\"@id\":\"https:\\\/\\\/agu.de\\\/en\\\/#\\\/schema\\\/person\\\/014e200658d31148942c2e7dbe15de33\",\"name\":\"agu-admin\",\"image\":{\"@type\":\"ImageObject\",\"inLanguage\":\"en-US\",\"@id\":\"https:\\\/\\\/secure.gravatar.com\\\/avatar\\\/8b9ebc90e889e876b62645d9f7b7fb8dafb4ed3d3aa94645e7700023eea7bf06?s=96&d=mm&r=g\",\"url\":\"https:\\\/\\\/secure.gravatar.com\\\/avatar\\\/8b9ebc90e889e876b62645d9f7b7fb8dafb4ed3d3aa94645e7700023eea7bf06?s=96&d=mm&r=g\",\"contentUrl\":\"https:\\\/\\\/secure.gravatar.com\\\/avatar\\\/8b9ebc90e889e876b62645d9f7b7fb8dafb4ed3d3aa94645e7700023eea7bf06?s=96&d=mm&r=g\",\"caption\":\"agu-admin\"},\"sameAs\":[\"http:\\\/\\\/localhost:8090\"],\"url\":\"https:\\\/\\\/agu.de\\\/en\\\/author\\\/agu-admin\\\/\"}]}<\/script>\n<!-- \/ Yoast SEO plugin. -->","yoast_head_json":{"title":"Nacht der Technik bei AGU - AGU Planungsgesellschaft f\u00fcr Automatisierungs-, Geb\u00e4ude- und Umwelttechnik mbH","robots":{"index":"index","follow":"follow","max-snippet":"max-snippet:-1","max-image-preview":"max-image-preview:large","max-video-preview":"max-video-preview:-1"},"canonical":"https:\/\/agu.de\/en\/nacht-der-technik-bei-agu\/","og_locale":"en_US","og_type":"article","og_title":"Nacht der Technik bei AGU - AGU Planungsgesellschaft f\u00fcr Automatisierungs-, Geb\u00e4ude- und Umwelttechnik mbH","og_description":"Unternehmen: AGU ist eines der f\u00fchrenden mittelst\u00e4ndischen Unternehmen f\u00fcr industrielle Softwarel\u00f6sungen und Automatisierungstechnik. Das Unternehmen wurde 1992 gegr\u00fcndet, besch\u00e4ftigt mehr als 85 Mitarbeiter und ist weltweit mit Softwareprodukten in der Gro\u00dfindustrie vertreten. Im Jahr 2017 haben wir den Preis \u201eUnternehmer des Jahres\u201c in Leverkusen erhalten, der die Leistungen der Mitarbeiter und Gesch\u00e4ftsf\u00fchrung gleicherma\u00dfen ehrt. Unser&hellip;","og_url":"https:\/\/agu.de\/en\/nacht-der-technik-bei-agu\/","og_site_name":"AGU Planungsgesellschaft f\u00fcr Automatisierungs-, Geb\u00e4ude- und Umwelttechnik mbH","article_published_time":"2019-05-04T15:15:00+00:00","article_modified_time":"2025-06-30T08:04:35+00:00","og_image":[{"width":1513,"height":422,"url":"https:\/\/agu.de\/wp-content\/uploads\/2024\/11\/nachtdertechnik.png","type":"image\/png"}],"author":"agu-admin","twitter_card":"summary_large_image","twitter_misc":{"Written by":"agu-admin","Est. reading time":"2 minutes"},"schema":{"@context":"https:\/\/schema.org","@graph":[{"@type":"Article","@id":"https:\/\/agu.de\/en\/nacht-der-technik-bei-agu\/#article","isPartOf":{"@id":"https:\/\/agu.de\/en\/nacht-der-technik-bei-agu\/"},"author":{"name":"agu-admin","@id":"https:\/\/agu.de\/en\/#\/schema\/person\/014e200658d31148942c2e7dbe15de33"},"headline":"Nacht der Technik bei AGU","datePublished":"2019-05-04T15:15:00+00:00","dateModified":"2025-06-30T08:04:35+00:00","mainEntityOfPage":{"@id":"https:\/\/agu.de\/en\/nacht-der-technik-bei-agu\/"},"wordCount":380,"commentCount":0,"publisher":{"@id":"https:\/\/agu.de\/en\/#organization"},"image":{"@id":"https:\/\/agu.de\/en\/nacht-der-technik-bei-agu\/#primaryimage"},"thumbnailUrl":"https:\/\/agu.de\/wp-content\/uploads\/2024\/11\/nachtdertechnik.png","articleSection":["AGU","News"],"inLanguage":"en-US","potentialAction":[{"@type":"CommentAction","name":"Comment","target":["https:\/\/agu.de\/en\/nacht-der-technik-bei-agu\/#respond"]}]},{"@type":"WebPage","@id":"https:\/\/agu.de\/en\/nacht-der-technik-bei-agu\/","url":"https:\/\/agu.de\/en\/nacht-der-technik-bei-agu\/","name":"Nacht der Technik bei AGU - AGU Planungsgesellschaft f\u00fcr Automatisierungs-, Geb\u00e4ude- und Umwelttechnik mbH","isPartOf":{"@id":"https:\/\/agu.de\/en\/#website"},"primaryImageOfPage":{"@id":"https:\/\/agu.de\/en\/nacht-der-technik-bei-agu\/#primaryimage"},"image":{"@id":"https:\/\/agu.de\/en\/nacht-der-technik-bei-agu\/#primaryimage"},"thumbnailUrl":"https:\/\/agu.de\/wp-content\/uploads\/2024\/11\/nachtdertechnik.png","datePublished":"2019-05-04T15:15:00+00:00","dateModified":"2025-06-30T08:04:35+00:00","breadcrumb":{"@id":"https:\/\/agu.de\/en\/nacht-der-technik-bei-agu\/#breadcrumb"},"inLanguage":"en-US","potentialAction":[{"@type":"ReadAction","target":["https:\/\/agu.de\/en\/nacht-der-technik-bei-agu\/"]}]},{"@type":"ImageObject","inLanguage":"en-US","@id":"https:\/\/agu.de\/en\/nacht-der-technik-bei-agu\/#primaryimage","url":"https:\/\/agu.de\/wp-content\/uploads\/2024\/11\/nachtdertechnik.png","contentUrl":"https:\/\/agu.de\/wp-content\/uploads\/2024\/11\/nachtdertechnik.png","width":1513,"height":422},{"@type":"BreadcrumbList","@id":"https:\/\/agu.de\/en\/nacht-der-technik-bei-agu\/#breadcrumb","itemListElement":[{"@type":"ListItem","position":1,"name":"Startseite","item":"https:\/\/agu.de\/"},{"@type":"ListItem","position":2,"name":"Nacht der Technik bei AGU"}]},{"@type":"WebSite","@id":"https:\/\/agu.de\/en\/#website","url":"https:\/\/agu.de\/en\/","name":"AGU Planungsgesellschaft f\u00fcr Automatisierungs-, Geb\u00e4ude- und Umwelttechnik mbH","description":"AGU Planungsgesellschaft f\u00fcr Automatisierungs-, Geb\u00e4ude- und Umwelttechnik mbH","publisher":{"@id":"https:\/\/agu.de\/en\/#organization"},"potentialAction":[{"@type":"SearchAction","target":{"@type":"EntryPoint","urlTemplate":"https:\/\/agu.de\/en\/?s={search_term_string}"},"query-input":{"@type":"PropertyValueSpecification","valueRequired":true,"valueName":"search_term_string"}}],"inLanguage":"en-US"},{"@type":"Organization","@id":"https:\/\/agu.de\/en\/#organization","name":"AGU Planungsgesellschaft f\u00fcr Automatisierungs-, Geb\u00e4ude- und Umwelttechnik mbH","url":"https:\/\/agu.de\/en\/","logo":{"@type":"ImageObject","inLanguage":"en-US","@id":"https:\/\/agu.de\/en\/#\/schema\/logo\/image\/","url":"https:\/\/agu.de\/wp-content\/uploads\/2024\/02\/cropped-cropped-AGU_WP_icon.png","contentUrl":"https:\/\/agu.de\/wp-content\/uploads\/2024\/02\/cropped-cropped-AGU_WP_icon.png","width":476,"height":299,"caption":"AGU Planungsgesellschaft f\u00fcr Automatisierungs-, Geb\u00e4ude- und Umwelttechnik mbH"},"image":{"@id":"https:\/\/agu.de\/en\/#\/schema\/logo\/image\/"}},{"@type":"Person","@id":"https:\/\/agu.de\/en\/#\/schema\/person\/014e200658d31148942c2e7dbe15de33","name":"agu-admin","image":{"@type":"ImageObject","inLanguage":"en-US","@id":"https:\/\/secure.gravatar.com\/avatar\/8b9ebc90e889e876b62645d9f7b7fb8dafb4ed3d3aa94645e7700023eea7bf06?s=96&d=mm&r=g","url":"https:\/\/secure.gravatar.com\/avatar\/8b9ebc90e889e876b62645d9f7b7fb8dafb4ed3d3aa94645e7700023eea7bf06?s=96&d=mm&r=g","contentUrl":"https:\/\/secure.gravatar.com\/avatar\/8b9ebc90e889e876b62645d9f7b7fb8dafb4ed3d3aa94645e7700023eea7bf06?s=96&d=mm&r=g","caption":"agu-admin"},"sameAs":["http:\/\/localhost:8090"],"url":"https:\/\/agu.de\/en\/author\/agu-admin\/"}]}},"_links":{"self":[{"href":"https:\/\/agu.de\/en\/wp-json\/wp\/v2\/posts\/3307","targetHints":{"allow":["GET"]}}],"collection":[{"href":"https:\/\/agu.de\/en\/wp-json\/wp\/v2\/posts"}],"about":[{"href":"https:\/\/agu.de\/en\/wp-json\/wp\/v2\/types\/post"}],"author":[{"embeddable":true,"href":"https:\/\/agu.de\/en\/wp-json\/wp\/v2\/users\/1"}],"replies":[{"embeddable":true,"href":"https:\/\/agu.de\/en\/wp-json\/wp\/v2\/comments?post=3307"}],"version-history":[{"count":1,"href":"https:\/\/agu.de\/en\/wp-json\/wp\/v2\/posts\/3307\/revisions"}],"predecessor-version":[{"id":3309,"href":"https:\/\/agu.de\/en\/wp-json\/wp\/v2\/posts\/3307\/revisions\/3309"}],"wp:featuredmedia":[{"embeddable":true,"href":"https:\/\/agu.de\/en\/wp-json\/wp\/v2\/media\/3308"}],"wp:attachment":[{"href":"https:\/\/agu.de\/en\/wp-json\/wp\/v2\/media?parent=3307"}],"wp:term":[{"taxonomy":"category","embeddable":true,"href":"https:\/\/agu.de\/en\/wp-json\/wp\/v2\/categories?post=3307"},{"taxonomy":"post_tag","embeddable":true,"href":"https:\/\/agu.de\/en\/wp-json\/wp\/v2\/tags?post=3307"}],"curies":[{"name":"wp","href":"https:\/\/api.w.org\/{rel}","templated":true}]}}